{"id":999,"date":"2012-05-12T06:51:21","date_gmt":"2012-05-12T06:51:21","guid":{"rendered":"http:\/\/www.projet-decroissance.net\/?p=999"},"modified":"2013-05-12T12:39:22","modified_gmt":"2013-05-12T12:39:22","slug":"aux-origines-de-la-decroissance-sur-france-culture-avec-serge-latouche","status":"publish","type":"post","link":"http:\/\/www.projet-decroissance.net\/?p=999","title":{"rendered":"Aux origines de la D\u00e9croissance sur France Culture avec Serge Latouche"},"content":{"rendered":"<p><a href=\"http:\/\/www.projet-decroissance.net\/wp-content\/uploads\/2013\/04\/france-culture.png\"><img loading=\"lazy\" decoding=\"async\" class=\"alignleft\" alt=\"france-culture\" src=\"http:\/\/www.projet-decroissance.net\/wp-content\/uploads\/2013\/04\/france-culture.png\" width=\"180\" height=\"180\" \/><\/a><a href=\"http:\/\/www.franceculture.fr\/emission-a-voix-nue-serge-latouche-objecteur-de-croissance-15-2013-04-29\" target=\"_blank\">En 5 \u00e9missions sur France Culture<\/a>, revenons aux origines de la D\u00e9croissance avec Serge Latouche, interview\u00e9 par Thierry Paquot :<\/p>\n<div>\n<p><strong><img loading=\"lazy\" decoding=\"async\" class=\"alignright\" alt=\"\" src=\"http:\/\/www.franceculture.fr\/sites\/default\/files\/imagecache\/ressource_full\/2013\/04\/24\/4615164\/484px-Serge_Latouche.jpg\" width=\"244\" height=\"300\" \/>Serge Latouche<\/strong>, n\u00e9 en 1940 \u00e0 Vannes (Morbihan), est un des principaux th\u00e9oriciens de la \u00ab d\u00e9croissance \u00bb, du reste il se pr\u00e9sente volontiers comme un \u00ab objecteur de croissance \u00bb. Mais on ne na\u00eet pas \u00ab objecteur de croissance \u00bb on le devient et c\u2019est cet itin\u00e9raire qu\u2019il retrace \u00e0 grands traits au cours de ce \u00ab \u00c0 voix nue \u00bb. En effet, \u00e9conomiste de formation, certes critique et marxisant, il accepte alors l\u2019id\u00e9e que tous les pays, que tous les peuples, puissent se d\u00e9velopper et acc\u00e8dent au bien-\u00eatre, mesur\u00e9 par des crit\u00e8res de satisfaction des besoins. Cette id\u00e9e largement partag\u00e9e il n\u2019h\u00e9site pas dor\u00e9navant \u00e0 la rejeter et \u00e0 la combattre pour \u00ab d\u00e9s\u00e9conomiser \u00bb les esprits en quelque sorte et d\u00e9noncer cette illusion d\u00e9veloppementiste, y compris dans sa version \u00ab durable \u00bb. Depuis plusieurs d\u00e9cennies il \u00e9tudie les alternatives au capitalisme qui surgissent ici ou l\u00e0 afin de contrer le productivisme et oeuvre pour une soci\u00e9t\u00e9 de <em>sobri\u00e9t\u00e9 heureuse<\/em> qui rompt avec le jetable, \u00ab l\u2019obsolescence programm\u00e9e \u00bb, les in\u00e9galit\u00e9s, les exclusions (tant sociales, territoriales, num\u00e9riques que g\u00e9n\u00e9rationnelles ou sexuelles) et les abus de pouvoir d\u2019o\u00f9 qu\u2019ils viennent. En ce sens il r\u00e9concilie \u00ab \u00e9cologie \u00bb et \u00ab anarchie \u00bb.<\/p>\n<p><strong>Ecoutez les cinq \u00e9missions ci-dessous<\/strong><\/p>\n<p><!--more--><\/p>\n<\/div>\n<p>1- Pour une critique de l\u2019\u00e9conomie politique<\/p>\n[audio:http:\/\/www.partipourladecroissance.net\/wp-content\/uploads\/2013\/05\/1-Pour-une-critique-de-l\u2019\u00e9conomie-politique.mp3]\n<p>2- L\u2019invention du Tiers Monde<\/p>\n[audio:http:\/\/www.partipourladecroissance.net\/wp-content\/uploads\/2013\/05\/2-L\u2019invention-du-Tiers-Monde.mp3]\n<p>3 &#8211; Deux ma\u00eetres \u00e0 penser : Corn\u00e9lius Castoriadis et Ivan Illich<\/p>\n[audio:http:\/\/www.partipourladecroissance.net\/wp-content\/uploads\/2013\/05\/3-\u2013-Deux-ma\u00eetres-\u00e0-penser-Corn\u00e9lius-Castoriadis-et-Ivan-Illich.mp3]\n<p>4 &#8211; Gen\u00e8se de l\u2019id\u00e9e de d\u00e9croissance<\/p>\n[audio:http:\/\/www.partipourladecroissance.net\/wp-content\/uploads\/2013\/05\/4-\u2013-Genese-de-l\u2019idee-de-decroissance.mp3]\n<p>5 &#8211; Quel(s) avenir(s) pour la plan\u00e8te ?<br \/>\n[audio:http:\/\/www.partipourladecroissance.net\/wp-content\/uploads\/2013\/05\/5-\u2013-Quels-avenirs-pour-la-plan\u00e8te.mp3]<\/p>\n<p>Et aussi : <a href=\"http:\/\/www.projet-decroissance.net\/?p=930\" target=\"_blank\">Un Projet de D\u00e9croissance sur France Culture \u2013 Terre \u00e0 Terre, avec Vincent Liegey par Ruth St\u00e9gassy<\/a><\/p>\n[audio:http:\/\/www.partipourladecroissance.net\/wp-content\/uploads\/2013\/04\/Vincent-Liegey-Projet-decroissance-terre-a-terre-France-Culture-Ruth-Stegassy.mp3]\n<p>&nbsp;<\/p>\n","protected":false},"excerpt":{"rendered":"<p>En 5 \u00e9missions sur France Culture, revenons aux origines de la D\u00e9croissance avec Serge Latouche, interview\u00e9 par Thierry Paquot : Serge Latouche, n\u00e9 en 1940 \u00e0 Vannes (Morbihan), est un des principaux th\u00e9oriciens de la \u00ab d\u00e9croissance \u00bb, du reste &hellip; <a href=\"http:\/\/www.projet-decroissance.net\/?p=999\">Continuer la lecture <span class=\"meta-nav\">&rarr;<\/span><\/a><\/p>\n","protected":false},"author":3,"featured_media":0,"comment_status":"closed","ping_status":"open","sticky":false,"template":"","format":"standard","meta":{"footnotes":""},"categories":[8],"tags":[],"class_list":["post-999","post","type-post","status-publish","format-standard","hentry","category-multimedias"],"_links":{"self":[{"href":"http:\/\/www.projet-decroissance.net\/index.php?rest_route=\/wp\/v2\/posts\/999","targetHints":{"allow":["GET"]}}],"collection":[{"href":"http:\/\/www.projet-decroissance.net\/index.php?rest_route=\/wp\/v2\/posts"}],"about":[{"href":"http:\/\/www.projet-decroissance.net\/index.php?rest_route=\/wp\/v2\/types\/post"}],"author":[{"embeddable":true,"href":"http:\/\/www.projet-decroissance.net\/index.php?rest_route=\/wp\/v2\/users\/3"}],"replies":[{"embeddable":true,"href":"http:\/\/www.projet-decroissance.net\/index.php?rest_route=%2Fwp%2Fv2%2Fcomments&post=999"}],"version-history":[{"count":5,"href":"http:\/\/www.projet-decroissance.net\/index.php?rest_route=\/wp\/v2\/posts\/999\/revisions"}],"predecessor-version":[{"id":1003,"href":"http:\/\/www.projet-decroissance.net\/index.php?rest_route=\/wp\/v2\/posts\/999\/revisions\/1003"}],"wp:attachment":[{"href":"http:\/\/www.projet-decroissance.net\/index.php?rest_route=%2Fwp%2Fv2%2Fmedia&parent=999"}],"wp:term":[{"taxonomy":"category","embeddable":true,"href":"http:\/\/www.projet-decroissance.net\/index.php?rest_route=%2Fwp%2Fv2%2Fcategories&post=999"},{"taxonomy":"post_tag","embeddable":true,"href":"http:\/\/www.projet-decroissance.net\/index.php?rest_route=%2Fwp%2Fv2%2Ftags&post=999"}],"curies":[{"name":"wp","href":"https:\/\/api.w.org\/{rel}","templated":true}]}}